{"id":718,"date":"2022-11-18T17:46:25","date_gmt":"2022-11-18T17:46:25","guid":{"rendered":"https:\/\/alwaysmind.se\/?p=718"},"modified":"2026-02-04T14:30:56","modified_gmt":"2026-02-04T13:30:56","slug":"survivors-of-suicid-loss-day","status":"publish","type":"post","link":"https:\/\/alwaysmind.se\/en\/survivors-of-suicid-loss-day\/","title":{"rendered":"Survivors of Suicid Loss Day"},"content":{"rendered":"<figure class=\"wp-block-image size-large\"><img loading=\"lazy\" decoding=\"async\" width=\"1024\" height=\"683\" src=\"https:\/\/alwaysmind.se\/wp-content\/uploads\/2022\/10\/anthony-tran-vXymirxr5ac-unsplash-1024x683.jpg\" alt=\"\" class=\"wp-image-348\" srcset=\"https:\/\/alwaysmind.se\/wp-content\/uploads\/2022\/10\/anthony-tran-vXymirxr5ac-unsplash-980x653.jpg 980w, https:\/\/alwaysmind.se\/wp-content\/uploads\/2022\/10\/anthony-tran-vXymirxr5ac-unsplash-480x320.jpg 480w\" sizes=\"(min-width: 0px) and (max-width: 480px) 480px, (min-width: 481px) and (max-width: 980px) 980px, (min-width: 981px) 1024px, 100vw\" \/><\/figure>\n\n\n\n<p>Imorgon, den 19 november 2022, \u00e4r det International Survivors of Suicide Loss Day. Dagen \u00e4r inf\u00f6rd av den amerikanska kongressen som en dag f\u00f6r att uppm\u00e4rksamma familj och v\u00e4nner som \u00e4r efterlevande till n\u00e5gon som har g\u00e5tt bort i suicid. Dagen infaller alltid p\u00e5 den sista l\u00f6rdagen f\u00f6re Thanksgiving. Med bakgrund mot att den aktuella tiden upplevs som en sv\u00e5r tid f\u00f6r m\u00e5nga som k\u00e4mpar med just sorg och saknad. Inte minst f\u00f6r dem som upplever ensamhet.&nbsp;<\/p>\n\n\n\n<p>Det var senator Harry Reid som \u00e5r 1999 introducerade f\u00f6rslaget till den amerikanska senaten vilket sedan ledde till skapandet av den h\u00e4r dagen f\u00f6r suicidefterlevande. Reid sj\u00e4lv \u00e4r en efterlevande till sin pappa som han f\u00f6rlorade i suicid. Sedan n\u00e5gra \u00e5r tillbaka har dagen spridit sig \u00f6ver v\u00e4rlden och blivit internationellt engagerande. <\/p>\n\n\n\n<p>SPES (Suicid Prevention och Efterlevandest\u00f6d) uppm\u00e4rksammar den h\u00e4r dagen i \u00e5r tillsammans med sitt 35-\u00e5rsjubileum p\u00e5 the Park i Stockholm. Syftet med dagen \u00e4r att belysa efterlevandes situation och k\u00e4nna gemenskap och hopp i gemensamma sv\u00e5ra erfarenheter. N\u00e5gra av g\u00e4sterna \u00e4r inte mindre \u00e4n; Frida Boisen, UllaKarin Nyberg (omn\u00e4mnd i Always Minds inslag <a href=\"https:\/\/alwaysmind.se\/en\/vem-vill-du-vara\/\">h\u00e4r<\/a>) och Lasse Gustafsson. Och det b\u00e4sta av allt&#8230; Det finns m\u00f6jlighet att f\u00f6lja med under den h\u00e4r l\u00f6rdagseftermiddagen och kv\u00e4llen p\u00e5 l\u00e4nk. Se YouTube-f\u00f6nster nedan. <\/p>\n\n\n\n<p>Helena <\/p>\n\n\n\n<p> <\/p>\n\n\n\n<figure class=\"wp-block-embed is-type-video is-provider-youtube wp-block-embed-youtube wp-embed-aspect-16-9 wp-has-aspect-ratio\"><div class=\"wp-block-embed__wrapper\">\n<iframe loading=\"lazy\" title=\"SPES 35-\u00e5rsjubileum och International Survivors of Suicide Loss Day\" width=\"1080\" height=\"608\" src=\"https:\/\/www.youtube.com\/embed\/LnIJmGDIUdU?feature=oembed\"  allow=\"accelerometer; autoplay; clipboard-write; encrypted-media; gyroscope; picture-in-picture\" allowfullscreen><\/iframe>\n<\/div><\/figure>","protected":false},"excerpt":{"rendered":"<p>Imorgon, den 19 november 2022, \u00e4r det International Survivors of Suicide Loss Day. Dagen \u00e4r inf\u00f6rd av den amerikanska kongressen som en dag f\u00f6r att uppm\u00e4rksamma familj och v\u00e4nner som \u00e4r efterlevande till n\u00e5gon som har g\u00e5tt bort i suicid. Dagen infaller alltid p\u00e5 den sista l\u00f6rdagen f\u00f6re Thanksgiving. Med bakgrund mot att den aktuella [&hellip;]<\/p>\n","protected":false},"author":2,"featured_media":348,"comment_status":"closed","ping_status":"closed","sticky":false,"template":"","format":"standard","meta":{"_et_pb_use_builder":"off","_et_pb_old_content":"","_et_gb_content_width":"","footnotes":""},"categories":[1],"tags":[],"class_list":["post-718","post","type-post","status-publish","format-standard","has-post-thumbnail","hentry","category-uncategorized"],"yoast_head":"<!-- This site is optimized with the Yoast SEO plugin v27.4 - https:\/\/yoast.com\/product\/yoast-seo-wordpress\/ -->\n<title>Survivors of Suicid Loss Day - Always Mind<\/title>\n<meta name=\"robots\" content=\"index, follow, max-snippet:-1, max-image-preview:large, max-video-preview:-1\" \/>\n<link rel=\"canonical\" href=\"https:\/\/alwaysmind.se\/en\/survivors-of-suicid-loss-day\/\" \/>\n<meta property=\"og:locale\" content=\"en_GB\" \/>\n<meta property=\"og:type\" content=\"article\" \/>\n<meta property=\"og:title\" content=\"Survivors of Suicid Loss Day - Always Mind\" \/>\n<meta property=\"og:description\" content=\"Imorgon, den 19 november 2022, \u00e4r det International Survivors of Suicide Loss Day. Dagen \u00e4r inf\u00f6rd av den amerikanska kongressen som en dag f\u00f6r att uppm\u00e4rksamma familj och v\u00e4nner som \u00e4r efterlevande till n\u00e5gon som har g\u00e5tt bort i suicid. Dagen infaller alltid p\u00e5 den sista l\u00f6rdagen f\u00f6re Thanksgiving. Med bakgrund mot att den aktuella [&hellip;]\" \/>\n<meta property=\"og:url\" content=\"https:\/\/alwaysmind.se\/en\/survivors-of-suicid-loss-day\/\" \/>\n<meta property=\"og:site_name\" content=\"Always Mind\" \/>\n<meta property=\"article:published_time\" content=\"2022-11-18T17:46:25+00:00\" \/>\n<meta property=\"article:modified_time\" content=\"2026-02-04T13:30:56+00:00\" \/>\n<meta property=\"og:image\" content=\"https:\/\/alwaysmind.se\/wp-content\/uploads\/2022\/10\/anthony-tran-vXymirxr5ac-unsplash-scaled.jpg\" \/>\n\t<meta property=\"og:image:width\" content=\"2560\" \/>\n\t<meta property=\"og:image:height\" content=\"1707\" \/>\n\t<meta property=\"og:image:type\" content=\"image\/jpeg\" \/>\n<meta name=\"author\" content=\"Helena Reje\" \/>\n<meta name=\"twitter:card\" content=\"summary_large_image\" \/>\n<meta name=\"twitter:label1\" content=\"Written by\" \/>\n\t<meta name=\"twitter:data1\" content=\"Helena Reje\" \/>\n\t<meta name=\"twitter:label2\" content=\"Estimated reading time\" \/>\n\t<meta name=\"twitter:data2\" content=\"1 minute\" \/>\n<script type=\"application\/ld+json\" class=\"yoast-schema-graph\">{\"@context\":\"https:\\\/\\\/schema.org\",\"@graph\":[{\"@type\":\"Article\",\"@id\":\"https:\\\/\\\/alwaysmind.se\\\/survivors-of-suicid-loss-day\\\/#article\",\"isPartOf\":{\"@id\":\"https:\\\/\\\/alwaysmind.se\\\/survivors-of-suicid-loss-day\\\/\"},\"author\":{\"name\":\"Helena Reje\",\"@id\":\"https:\\\/\\\/alwaysmind.se\\\/#\\\/schema\\\/person\\\/c3813497bdfd7e44197aa873623120ae\"},\"headline\":\"Survivors of Suicid Loss Day\",\"datePublished\":\"2022-11-18T17:46:25+00:00\",\"dateModified\":\"2026-02-04T13:30:56+00:00\",\"mainEntityOfPage\":{\"@id\":\"https:\\\/\\\/alwaysmind.se\\\/survivors-of-suicid-loss-day\\\/\"},\"wordCount\":254,\"image\":{\"@id\":\"https:\\\/\\\/alwaysmind.se\\\/survivors-of-suicid-loss-day\\\/#primaryimage\"},\"thumbnailUrl\":\"https:\\\/\\\/alwaysmind.se\\\/wp-content\\\/uploads\\\/2022\\\/10\\\/anthony-tran-vXymirxr5ac-unsplash-scaled.jpg\",\"articleSection\":[\"Uncategorized\"],\"inLanguage\":\"en-GB\"},{\"@type\":\"WebPage\",\"@id\":\"https:\\\/\\\/alwaysmind.se\\\/survivors-of-suicid-loss-day\\\/\",\"url\":\"https:\\\/\\\/alwaysmind.se\\\/survivors-of-suicid-loss-day\\\/\",\"name\":\"Survivors of Suicid Loss Day - Always Mind\",\"isPartOf\":{\"@id\":\"https:\\\/\\\/alwaysmind.se\\\/#website\"},\"primaryImageOfPage\":{\"@id\":\"https:\\\/\\\/alwaysmind.se\\\/survivors-of-suicid-loss-day\\\/#primaryimage\"},\"image\":{\"@id\":\"https:\\\/\\\/alwaysmind.se\\\/survivors-of-suicid-loss-day\\\/#primaryimage\"},\"thumbnailUrl\":\"https:\\\/\\\/alwaysmind.se\\\/wp-content\\\/uploads\\\/2022\\\/10\\\/anthony-tran-vXymirxr5ac-unsplash-scaled.jpg\",\"datePublished\":\"2022-11-18T17:46:25+00:00\",\"dateModified\":\"2026-02-04T13:30:56+00:00\",\"author\":{\"@id\":\"https:\\\/\\\/alwaysmind.se\\\/#\\\/schema\\\/person\\\/c3813497bdfd7e44197aa873623120ae\"},\"breadcrumb\":{\"@id\":\"https:\\\/\\\/alwaysmind.se\\\/survivors-of-suicid-loss-day\\\/#breadcrumb\"},\"inLanguage\":\"en-GB\",\"potentialAction\":[{\"@type\":\"ReadAction\",\"target\":[\"https:\\\/\\\/alwaysmind.se\\\/survivors-of-suicid-loss-day\\\/\"]}]},{\"@type\":\"ImageObject\",\"inLanguage\":\"en-GB\",\"@id\":\"https:\\\/\\\/alwaysmind.se\\\/survivors-of-suicid-loss-day\\\/#primaryimage\",\"url\":\"https:\\\/\\\/alwaysmind.se\\\/wp-content\\\/uploads\\\/2022\\\/10\\\/anthony-tran-vXymirxr5ac-unsplash-scaled.jpg\",\"contentUrl\":\"https:\\\/\\\/alwaysmind.se\\\/wp-content\\\/uploads\\\/2022\\\/10\\\/anthony-tran-vXymirxr5ac-unsplash-scaled.jpg\",\"width\":2560,\"height\":1707},{\"@type\":\"BreadcrumbList\",\"@id\":\"https:\\\/\\\/alwaysmind.se\\\/survivors-of-suicid-loss-day\\\/#breadcrumb\",\"itemListElement\":[{\"@type\":\"ListItem\",\"position\":1,\"name\":\"Hem\",\"item\":\"https:\\\/\\\/alwaysmind.se\\\/\"},{\"@type\":\"ListItem\",\"position\":2,\"name\":\"Survivors of Suicid Loss Day\"}]},{\"@type\":\"WebSite\",\"@id\":\"https:\\\/\\\/alwaysmind.se\\\/#website\",\"url\":\"https:\\\/\\\/alwaysmind.se\\\/\",\"name\":\"Always Mind\",\"description\":\"Psykisk h\u00e4lsa hela \u00e5ret\",\"potentialAction\":[{\"@type\":\"SearchAction\",\"target\":{\"@type\":\"EntryPoint\",\"urlTemplate\":\"https:\\\/\\\/alwaysmind.se\\\/?s={search_term_string}\"},\"query-input\":{\"@type\":\"PropertyValueSpecification\",\"valueRequired\":true,\"valueName\":\"search_term_string\"}}],\"inLanguage\":\"en-GB\"},{\"@type\":\"Person\",\"@id\":\"https:\\\/\\\/alwaysmind.se\\\/#\\\/schema\\\/person\\\/c3813497bdfd7e44197aa873623120ae\",\"name\":\"Helena Reje\",\"image\":{\"@type\":\"ImageObject\",\"inLanguage\":\"en-GB\",\"@id\":\"https:\\\/\\\/secure.gravatar.com\\\/avatar\\\/a980329af1f7d64230610b314ba0b0310cacf3b3b9a2f065a990e5b1f838df0c?s=96&d=mm&r=g\",\"url\":\"https:\\\/\\\/secure.gravatar.com\\\/avatar\\\/a980329af1f7d64230610b314ba0b0310cacf3b3b9a2f065a990e5b1f838df0c?s=96&d=mm&r=g\",\"contentUrl\":\"https:\\\/\\\/secure.gravatar.com\\\/avatar\\\/a980329af1f7d64230610b314ba0b0310cacf3b3b9a2f065a990e5b1f838df0c?s=96&d=mm&r=g\",\"caption\":\"Helena Reje\"},\"sameAs\":[\"http:\\\/\\\/alwaysmind.se\"]}]}<\/script>\n<!-- \/ Yoast SEO plugin. -->","yoast_head_json":{"title":"Survivors of Suicid Loss Day - Always Mind","robots":{"index":"index","follow":"follow","max-snippet":"max-snippet:-1","max-image-preview":"max-image-preview:large","max-video-preview":"max-video-preview:-1"},"canonical":"https:\/\/alwaysmind.se\/en\/survivors-of-suicid-loss-day\/","og_locale":"en_GB","og_type":"article","og_title":"Survivors of Suicid Loss Day - Always Mind","og_description":"Imorgon, den 19 november 2022, \u00e4r det International Survivors of Suicide Loss Day. Dagen \u00e4r inf\u00f6rd av den amerikanska kongressen som en dag f\u00f6r att uppm\u00e4rksamma familj och v\u00e4nner som \u00e4r efterlevande till n\u00e5gon som har g\u00e5tt bort i suicid. Dagen infaller alltid p\u00e5 den sista l\u00f6rdagen f\u00f6re Thanksgiving. Med bakgrund mot att den aktuella [&hellip;]","og_url":"https:\/\/alwaysmind.se\/en\/survivors-of-suicid-loss-day\/","og_site_name":"Always Mind","article_published_time":"2022-11-18T17:46:25+00:00","article_modified_time":"2026-02-04T13:30:56+00:00","og_image":[{"width":2560,"height":1707,"url":"https:\/\/alwaysmind.se\/wp-content\/uploads\/2022\/10\/anthony-tran-vXymirxr5ac-unsplash-scaled.jpg","type":"image\/jpeg"}],"author":"Helena Reje","twitter_card":"summary_large_image","twitter_misc":{"Written by":"Helena Reje","Estimated reading time":"1 minute"},"schema":{"@context":"https:\/\/schema.org","@graph":[{"@type":"Article","@id":"https:\/\/alwaysmind.se\/survivors-of-suicid-loss-day\/#article","isPartOf":{"@id":"https:\/\/alwaysmind.se\/survivors-of-suicid-loss-day\/"},"author":{"name":"Helena Reje","@id":"https:\/\/alwaysmind.se\/#\/schema\/person\/c3813497bdfd7e44197aa873623120ae"},"headline":"Survivors of Suicid Loss Day","datePublished":"2022-11-18T17:46:25+00:00","dateModified":"2026-02-04T13:30:56+00:00","mainEntityOfPage":{"@id":"https:\/\/alwaysmind.se\/survivors-of-suicid-loss-day\/"},"wordCount":254,"image":{"@id":"https:\/\/alwaysmind.se\/survivors-of-suicid-loss-day\/#primaryimage"},"thumbnailUrl":"https:\/\/alwaysmind.se\/wp-content\/uploads\/2022\/10\/anthony-tran-vXymirxr5ac-unsplash-scaled.jpg","articleSection":["Uncategorized"],"inLanguage":"en-GB"},{"@type":"WebPage","@id":"https:\/\/alwaysmind.se\/survivors-of-suicid-loss-day\/","url":"https:\/\/alwaysmind.se\/survivors-of-suicid-loss-day\/","name":"Survivors of Suicid Loss Day - Always Mind","isPartOf":{"@id":"https:\/\/alwaysmind.se\/#website"},"primaryImageOfPage":{"@id":"https:\/\/alwaysmind.se\/survivors-of-suicid-loss-day\/#primaryimage"},"image":{"@id":"https:\/\/alwaysmind.se\/survivors-of-suicid-loss-day\/#primaryimage"},"thumbnailUrl":"https:\/\/alwaysmind.se\/wp-content\/uploads\/2022\/10\/anthony-tran-vXymirxr5ac-unsplash-scaled.jpg","datePublished":"2022-11-18T17:46:25+00:00","dateModified":"2026-02-04T13:30:56+00:00","author":{"@id":"https:\/\/alwaysmind.se\/#\/schema\/person\/c3813497bdfd7e44197aa873623120ae"},"breadcrumb":{"@id":"https:\/\/alwaysmind.se\/survivors-of-suicid-loss-day\/#breadcrumb"},"inLanguage":"en-GB","potentialAction":[{"@type":"ReadAction","target":["https:\/\/alwaysmind.se\/survivors-of-suicid-loss-day\/"]}]},{"@type":"ImageObject","inLanguage":"en-GB","@id":"https:\/\/alwaysmind.se\/survivors-of-suicid-loss-day\/#primaryimage","url":"https:\/\/alwaysmind.se\/wp-content\/uploads\/2022\/10\/anthony-tran-vXymirxr5ac-unsplash-scaled.jpg","contentUrl":"https:\/\/alwaysmind.se\/wp-content\/uploads\/2022\/10\/anthony-tran-vXymirxr5ac-unsplash-scaled.jpg","width":2560,"height":1707},{"@type":"BreadcrumbList","@id":"https:\/\/alwaysmind.se\/survivors-of-suicid-loss-day\/#breadcrumb","itemListElement":[{"@type":"ListItem","position":1,"name":"Hem","item":"https:\/\/alwaysmind.se\/"},{"@type":"ListItem","position":2,"name":"Survivors of Suicid Loss Day"}]},{"@type":"WebSite","@id":"https:\/\/alwaysmind.se\/#website","url":"https:\/\/alwaysmind.se\/","name":"Always Mind","description":"Psykisk h\u00e4lsa hela \u00e5ret","potentialAction":[{"@type":"SearchAction","target":{"@type":"EntryPoint","urlTemplate":"https:\/\/alwaysmind.se\/?s={search_term_string}"},"query-input":{"@type":"PropertyValueSpecification","valueRequired":true,"valueName":"search_term_string"}}],"inLanguage":"en-GB"},{"@type":"Person","@id":"https:\/\/alwaysmind.se\/#\/schema\/person\/c3813497bdfd7e44197aa873623120ae","name":"Helena Reje","image":{"@type":"ImageObject","inLanguage":"en-GB","@id":"https:\/\/secure.gravatar.com\/avatar\/a980329af1f7d64230610b314ba0b0310cacf3b3b9a2f065a990e5b1f838df0c?s=96&d=mm&r=g","url":"https:\/\/secure.gravatar.com\/avatar\/a980329af1f7d64230610b314ba0b0310cacf3b3b9a2f065a990e5b1f838df0c?s=96&d=mm&r=g","contentUrl":"https:\/\/secure.gravatar.com\/avatar\/a980329af1f7d64230610b314ba0b0310cacf3b3b9a2f065a990e5b1f838df0c?s=96&d=mm&r=g","caption":"Helena Reje"},"sameAs":["http:\/\/alwaysmind.se"]}]}},"_links":{"self":[{"href":"https:\/\/alwaysmind.se\/en\/wp-json\/wp\/v2\/posts\/718","targetHints":{"allow":["GET"]}}],"collection":[{"href":"https:\/\/alwaysmind.se\/en\/wp-json\/wp\/v2\/posts"}],"about":[{"href":"https:\/\/alwaysmind.se\/en\/wp-json\/wp\/v2\/types\/post"}],"author":[{"embeddable":true,"href":"https:\/\/alwaysmind.se\/en\/wp-json\/wp\/v2\/users\/2"}],"replies":[{"embeddable":true,"href":"https:\/\/alwaysmind.se\/en\/wp-json\/wp\/v2\/comments?post=718"}],"version-history":[{"count":4,"href":"https:\/\/alwaysmind.se\/en\/wp-json\/wp\/v2\/posts\/718\/revisions"}],"predecessor-version":[{"id":722,"href":"https:\/\/alwaysmind.se\/en\/wp-json\/wp\/v2\/posts\/718\/revisions\/722"}],"wp:featuredmedia":[{"embeddable":true,"href":"https:\/\/alwaysmind.se\/en\/wp-json\/wp\/v2\/media\/348"}],"wp:attachment":[{"href":"https:\/\/alwaysmind.se\/en\/wp-json\/wp\/v2\/media?parent=718"}],"wp:term":[{"taxonomy":"category","embeddable":true,"href":"https:\/\/alwaysmind.se\/en\/wp-json\/wp\/v2\/categories?post=718"},{"taxonomy":"post_tag","embeddable":true,"href":"https:\/\/alwaysmind.se\/en\/wp-json\/wp\/v2\/tags?post=718"}],"curies":[{"name":"wp","href":"https:\/\/api.w.org\/{rel}","templated":true}]}}