{"id":732,"date":"2022-11-29T14:15:30","date_gmt":"2022-11-29T14:15:30","guid":{"rendered":"https:\/\/alwaysmind.se\/?p=732"},"modified":"2026-02-04T14:30:56","modified_gmt":"2026-02-04T13:30:56","slug":"nar-det-handlar-om-vart-innersta-ar-vi-alla-sarbara","status":"publish","type":"post","link":"https:\/\/alwaysmind.se\/en\/nar-det-handlar-om-vart-innersta-ar-vi-alla-sarbara\/","title":{"rendered":"N\u00e4r det handlar om v\u00e5rt innersta \u00e4r vi alla s\u00e5rbara"},"content":{"rendered":"<figure class=\"wp-block-image size-full\"><img loading=\"lazy\" decoding=\"async\" width=\"724\" height=\"483\" src=\"https:\/\/alwaysmind.se\/wp-content\/uploads\/2022\/11\/iStock-1326405683.jpg\" alt=\"\" class=\"wp-image-730\" srcset=\"https:\/\/alwaysmind.se\/wp-content\/uploads\/2022\/11\/iStock-1326405683.jpg 724w, https:\/\/alwaysmind.se\/wp-content\/uploads\/2022\/11\/iStock-1326405683-480x320.jpg 480w\" sizes=\"(min-width: 0px) and (max-width: 480px) 480px, (min-width: 481px) 724px, 100vw\" \/><\/figure>\n\n\n\n<p>En sak som jag tycker \u00e4r viktigt att komma ih\u00e5g i debatten om psykisk oh\u00e4lsa. Ja, i det h\u00e4r fallet menar jag faktiskt just oh\u00e4lsa. De som f\u00f6ljer mig mer vet att jag oftast talar om psykisk h\u00e4lsa, d\u00e5 vi alla har b\u00e5da delarna i oss, v\u00e4lbefinnande och oh\u00e4lsa. Ljus och m\u00f6rker. Men i den h\u00e4r delen av debatten eller kanske snarare dialogen som jag nu h\u00e4nvisar till menar jag just oh\u00e4lsa. <\/p>\n\n\n\n<p>M\u00e5nga r\u00f6ster i samh\u00e4llet, medialt och i vardagen, menar att det \u00e4r bra att vi pratar mer om psykisk oh\u00e4lsa idag. Jajjemensan, h\u00e5ller helt med. Att det \u00e4r mer \u00f6ppet. Oh yes. Att vi b\u00f6rjar f\u00e5 bort tabun och s\u00e5 vidare. Inst\u00e4mmer fullt. En riktning i samh\u00e4llsklimatet som bara \u00e4r att uppmuntra. Vi \u00e4r p\u00e5 r\u00e4tt v\u00e4g. <\/p>\n\n\n\n<p>Men, n\u00e4r det s\u00e4gs &#8221;Ja, ALLT handlar ju om att ta bort tabut&#8221;, st\u00e4ller jag mig lite mer avvaktande. N\u00e4stan s\u00e5 att jag skickar upp en liten varningsflagg! Inte f\u00f6r att personen som sagt det h\u00e4r (eller snarare personerna d\u00e5 det s\u00e4gs ganska ofta) menar n\u00e5got illavarslande. Nej, inte s\u00e5. Men jag personligen har en stor respekt f\u00f6r det sk\u00f6ra i v\u00e5rt inre m\u00e5ende. Jag tycker att det \u00e4r viktigt att inte underskatta att det \u00e4r v\u00e5rt allra innersta vi talar om. D\u00e4r \u00e4r det v\u00e4ldigt privat. Att plocka fram det i luften kommer alltid att vara k\u00e4nsligt, trots minskade tabun. Det kommer att komma med en viss sv\u00e5righet. <strong>F\u00f6r n\u00e4r det handlar om v\u00e5rt innersta \u00e4r vi alla s\u00e5rbara.<\/strong> <\/p>\n\n\n\n<p>Hur mycket vi \u00e4n f\u00f6r\u00e4ndrar samh\u00e4llsklimatet s\u00e5 m\u00e5ste vi vara varsamma med varandras inre \u00f6mhet. Det kommer aldrig att bli detsamma som att prata om yttre fysiska sm\u00e4llar. D\u00e4rmed inte sagt att vi inte hela tidens ska str\u00e4va efter att bli b\u00e4ttre p\u00e5 att f\u00e5nga upp och ta om hand om den psykiska oh\u00e4lsan. Oavsett vilken relation vi har till den (som drabbad, n\u00e4ra anh\u00f6rig, kollega, l\u00e4rare, chef). Eller det \u00e4r snarare det vi SKA l\u00e4gga fokus p\u00e5. Minskade tabun \u00e4r en del, men inte allt. <\/p>\n\n\n\n<p>N\u00e5gra som f\u00e5ngar in precis hela det h\u00e4r ovan f\u00f6rda resonemanget \u00e4r Pernilla och Bianca i filmklippet fr\u00e5n Wahlgrens v\u00e4rld nedan. H\u00e4r i bilen n\u00e4r de pratar om \u00e4tst\u00f6rningar visar de mer \u00e4n vad jag trodde ens var m\u00f6jligt att illustrera\/filmatisera om psykisk h\u00e4lsa och den psykiska oh\u00e4lsans s\u00e5rbarhet. Till att b\u00f6rja med allt ljus dessa tv\u00e5 personer sprider runt sig. Tillbaka till min grundtes: Vi har alla b\u00e5de ljus och m\u00f6rker i oss! Psykisk oh\u00e4lsa \u00e4r INTE ett lika med tecken f\u00f6r enbart m\u00f6rker. <\/p>\n\n\n\n<p>N\u00e4r Bianca och Pernilla som mor och dotter h\u00e4r tillsammans med \u00e4tst\u00f6rningens osynliga men samtidigt s\u00e5 otroligt tydliga n\u00e4rvaro, kan jag inte s\u00e4ga annat \u00e4n att det \u00e4r briljant (och d\u00e4rtill dessutom p\u00e5 riktigt!). Och trots att de med denna skildring av den sanna verkligheten, bryter ner alla tidigare tabun brutalt (wow, hatt av!), g\u00f6r det \u00e4nd\u00e5 s\u00e5 fruktansv\u00e4rt ont&#8230; <\/p>\n\n\n\n<p><\/p>\n\n\n\n<p>With love <em>Helena<\/em><\/p>\n\n\n\n<figure class=\"wp-block-embed is-type-video is-provider-youtube wp-block-embed-youtube wp-embed-aspect-16-9 wp-has-aspect-ratio\"><div class=\"wp-block-embed__wrapper\">\n<iframe loading=\"lazy\" title=\"K\u00e4nslom\u00e4ssigt br\u00e5k n\u00e4r Bianca \u00f6ppnar upp om sina \u00e4tst\u00f6rningar | Wahlgrens v\u00e4rld | discovery+ Sverige\" width=\"1080\" height=\"608\" src=\"https:\/\/www.youtube.com\/embed\/jCywbZOdTBw?feature=oembed\"  allow=\"accelerometer; autoplay; clipboard-write; encrypted-media; gyroscope; picture-in-picture\" allowfullscreen><\/iframe>\n<\/div><\/figure>","protected":false},"excerpt":{"rendered":"<p>En sak som jag tycker \u00e4r viktigt att komma ih\u00e5g i debatten om psykisk oh\u00e4lsa. Ja, i det h\u00e4r fallet menar jag faktiskt just oh\u00e4lsa. De som f\u00f6ljer mig mer vet att jag oftast talar om psykisk h\u00e4lsa, d\u00e5 vi alla har b\u00e5da delarna i oss, v\u00e4lbefinnande och oh\u00e4lsa. Ljus och m\u00f6rker. Men i den [&hellip;]<\/p>\n","protected":false},"author":2,"featured_media":730,"comment_status":"closed","ping_status":"open","sticky":false,"template":"","format":"standard","meta":{"_et_pb_use_builder":"off","_et_pb_old_content":"","_et_gb_content_width":"","footnotes":""},"categories":[1],"tags":[],"class_list":["post-732","post","type-post","status-publish","format-standard","has-post-thumbnail","hentry","category-uncategorized"],"yoast_head":"<!-- This site is optimized with the Yoast SEO plugin v27.4 - https:\/\/yoast.com\/product\/yoast-seo-wordpress\/ -->\n<title>N\u00e4r det handlar om v\u00e5rt innersta \u00e4r vi alla s\u00e5rbara - Always Mind<\/title>\n<meta name=\"robots\" content=\"index, follow, max-snippet:-1, max-image-preview:large, max-video-preview:-1\" \/>\n<link rel=\"canonical\" href=\"https:\/\/alwaysmind.se\/en\/nar-det-handlar-om-vart-innersta-ar-vi-alla-sarbara\/\" \/>\n<meta property=\"og:locale\" content=\"en_GB\" \/>\n<meta property=\"og:type\" content=\"article\" \/>\n<meta property=\"og:title\" content=\"N\u00e4r det handlar om v\u00e5rt innersta \u00e4r vi alla s\u00e5rbara - Always Mind\" \/>\n<meta property=\"og:description\" content=\"En sak som jag tycker \u00e4r viktigt att komma ih\u00e5g i debatten om psykisk oh\u00e4lsa. Ja, i det h\u00e4r fallet menar jag faktiskt just oh\u00e4lsa. De som f\u00f6ljer mig mer vet att jag oftast talar om psykisk h\u00e4lsa, d\u00e5 vi alla har b\u00e5da delarna i oss, v\u00e4lbefinnande och oh\u00e4lsa. Ljus och m\u00f6rker. Men i den [&hellip;]\" \/>\n<meta property=\"og:url\" content=\"https:\/\/alwaysmind.se\/en\/nar-det-handlar-om-vart-innersta-ar-vi-alla-sarbara\/\" \/>\n<meta property=\"og:site_name\" content=\"Always Mind\" \/>\n<meta property=\"article:published_time\" content=\"2022-11-29T14:15:30+00:00\" \/>\n<meta property=\"article:modified_time\" content=\"2026-02-04T13:30:56+00:00\" \/>\n<meta property=\"og:image\" content=\"https:\/\/alwaysmind.se\/wp-content\/uploads\/2022\/11\/iStock-1326405683.jpg\" \/>\n\t<meta property=\"og:image:width\" content=\"724\" \/>\n\t<meta property=\"og:image:height\" content=\"483\" \/>\n\t<meta property=\"og:image:type\" content=\"image\/jpeg\" \/>\n<meta name=\"author\" content=\"Helena Reje\" \/>\n<meta name=\"twitter:card\" content=\"summary_large_image\" \/>\n<meta name=\"twitter:label1\" content=\"Written by\" \/>\n\t<meta name=\"twitter:data1\" content=\"Helena Reje\" \/>\n\t<meta name=\"twitter:label2\" content=\"Estimated reading time\" \/>\n\t<meta name=\"twitter:data2\" content=\"3 minutes\" \/>\n<script type=\"application\/ld+json\" class=\"yoast-schema-graph\">{\"@context\":\"https:\\\/\\\/schema.org\",\"@graph\":[{\"@type\":\"Article\",\"@id\":\"https:\\\/\\\/alwaysmind.se\\\/nar-det-handlar-om-vart-innersta-ar-vi-alla-sarbara\\\/#article\",\"isPartOf\":{\"@id\":\"https:\\\/\\\/alwaysmind.se\\\/nar-det-handlar-om-vart-innersta-ar-vi-alla-sarbara\\\/\"},\"author\":{\"name\":\"Helena Reje\",\"@id\":\"https:\\\/\\\/alwaysmind.se\\\/#\\\/schema\\\/person\\\/c3813497bdfd7e44197aa873623120ae\"},\"headline\":\"N\u00e4r det handlar om v\u00e5rt innersta \u00e4r vi alla s\u00e5rbara\",\"datePublished\":\"2022-11-29T14:15:30+00:00\",\"dateModified\":\"2026-02-04T13:30:56+00:00\",\"mainEntityOfPage\":{\"@id\":\"https:\\\/\\\/alwaysmind.se\\\/nar-det-handlar-om-vart-innersta-ar-vi-alla-sarbara\\\/\"},\"wordCount\":587,\"image\":{\"@id\":\"https:\\\/\\\/alwaysmind.se\\\/nar-det-handlar-om-vart-innersta-ar-vi-alla-sarbara\\\/#primaryimage\"},\"thumbnailUrl\":\"https:\\\/\\\/alwaysmind.se\\\/wp-content\\\/uploads\\\/2022\\\/11\\\/iStock-1326405683.jpg\",\"articleSection\":[\"Uncategorized\"],\"inLanguage\":\"en-GB\"},{\"@type\":\"WebPage\",\"@id\":\"https:\\\/\\\/alwaysmind.se\\\/nar-det-handlar-om-vart-innersta-ar-vi-alla-sarbara\\\/\",\"url\":\"https:\\\/\\\/alwaysmind.se\\\/nar-det-handlar-om-vart-innersta-ar-vi-alla-sarbara\\\/\",\"name\":\"N\u00e4r det handlar om v\u00e5rt innersta \u00e4r vi alla s\u00e5rbara - Always Mind\",\"isPartOf\":{\"@id\":\"https:\\\/\\\/alwaysmind.se\\\/#website\"},\"primaryImageOfPage\":{\"@id\":\"https:\\\/\\\/alwaysmind.se\\\/nar-det-handlar-om-vart-innersta-ar-vi-alla-sarbara\\\/#primaryimage\"},\"image\":{\"@id\":\"https:\\\/\\\/alwaysmind.se\\\/nar-det-handlar-om-vart-innersta-ar-vi-alla-sarbara\\\/#primaryimage\"},\"thumbnailUrl\":\"https:\\\/\\\/alwaysmind.se\\\/wp-content\\\/uploads\\\/2022\\\/11\\\/iStock-1326405683.jpg\",\"datePublished\":\"2022-11-29T14:15:30+00:00\",\"dateModified\":\"2026-02-04T13:30:56+00:00\",\"author\":{\"@id\":\"https:\\\/\\\/alwaysmind.se\\\/#\\\/schema\\\/person\\\/c3813497bdfd7e44197aa873623120ae\"},\"breadcrumb\":{\"@id\":\"https:\\\/\\\/alwaysmind.se\\\/nar-det-handlar-om-vart-innersta-ar-vi-alla-sarbara\\\/#breadcrumb\"},\"inLanguage\":\"en-GB\",\"potentialAction\":[{\"@type\":\"ReadAction\",\"target\":[\"https:\\\/\\\/alwaysmind.se\\\/nar-det-handlar-om-vart-innersta-ar-vi-alla-sarbara\\\/\"]}]},{\"@type\":\"ImageObject\",\"inLanguage\":\"en-GB\",\"@id\":\"https:\\\/\\\/alwaysmind.se\\\/nar-det-handlar-om-vart-innersta-ar-vi-alla-sarbara\\\/#primaryimage\",\"url\":\"https:\\\/\\\/alwaysmind.se\\\/wp-content\\\/uploads\\\/2022\\\/11\\\/iStock-1326405683.jpg\",\"contentUrl\":\"https:\\\/\\\/alwaysmind.se\\\/wp-content\\\/uploads\\\/2022\\\/11\\\/iStock-1326405683.jpg\",\"width\":724,\"height\":483},{\"@type\":\"BreadcrumbList\",\"@id\":\"https:\\\/\\\/alwaysmind.se\\\/nar-det-handlar-om-vart-innersta-ar-vi-alla-sarbara\\\/#breadcrumb\",\"itemListElement\":[{\"@type\":\"ListItem\",\"position\":1,\"name\":\"Hem\",\"item\":\"https:\\\/\\\/alwaysmind.se\\\/\"},{\"@type\":\"ListItem\",\"position\":2,\"name\":\"N\u00e4r det handlar om v\u00e5rt innersta \u00e4r vi alla s\u00e5rbara\"}]},{\"@type\":\"WebSite\",\"@id\":\"https:\\\/\\\/alwaysmind.se\\\/#website\",\"url\":\"https:\\\/\\\/alwaysmind.se\\\/\",\"name\":\"Always Mind\",\"description\":\"Psykisk h\u00e4lsa hela \u00e5ret\",\"potentialAction\":[{\"@type\":\"SearchAction\",\"target\":{\"@type\":\"EntryPoint\",\"urlTemplate\":\"https:\\\/\\\/alwaysmind.se\\\/?s={search_term_string}\"},\"query-input\":{\"@type\":\"PropertyValueSpecification\",\"valueRequired\":true,\"valueName\":\"search_term_string\"}}],\"inLanguage\":\"en-GB\"},{\"@type\":\"Person\",\"@id\":\"https:\\\/\\\/alwaysmind.se\\\/#\\\/schema\\\/person\\\/c3813497bdfd7e44197aa873623120ae\",\"name\":\"Helena Reje\",\"image\":{\"@type\":\"ImageObject\",\"inLanguage\":\"en-GB\",\"@id\":\"https:\\\/\\\/secure.gravatar.com\\\/avatar\\\/a980329af1f7d64230610b314ba0b0310cacf3b3b9a2f065a990e5b1f838df0c?s=96&d=mm&r=g\",\"url\":\"https:\\\/\\\/secure.gravatar.com\\\/avatar\\\/a980329af1f7d64230610b314ba0b0310cacf3b3b9a2f065a990e5b1f838df0c?s=96&d=mm&r=g\",\"contentUrl\":\"https:\\\/\\\/secure.gravatar.com\\\/avatar\\\/a980329af1f7d64230610b314ba0b0310cacf3b3b9a2f065a990e5b1f838df0c?s=96&d=mm&r=g\",\"caption\":\"Helena Reje\"},\"sameAs\":[\"http:\\\/\\\/alwaysmind.se\"]}]}<\/script>\n<!-- \/ Yoast SEO plugin. -->","yoast_head_json":{"title":"N\u00e4r det handlar om v\u00e5rt innersta \u00e4r vi alla s\u00e5rbara - Always Mind","robots":{"index":"index","follow":"follow","max-snippet":"max-snippet:-1","max-image-preview":"max-image-preview:large","max-video-preview":"max-video-preview:-1"},"canonical":"https:\/\/alwaysmind.se\/en\/nar-det-handlar-om-vart-innersta-ar-vi-alla-sarbara\/","og_locale":"en_GB","og_type":"article","og_title":"N\u00e4r det handlar om v\u00e5rt innersta \u00e4r vi alla s\u00e5rbara - Always Mind","og_description":"En sak som jag tycker \u00e4r viktigt att komma ih\u00e5g i debatten om psykisk oh\u00e4lsa. Ja, i det h\u00e4r fallet menar jag faktiskt just oh\u00e4lsa. De som f\u00f6ljer mig mer vet att jag oftast talar om psykisk h\u00e4lsa, d\u00e5 vi alla har b\u00e5da delarna i oss, v\u00e4lbefinnande och oh\u00e4lsa. Ljus och m\u00f6rker. Men i den [&hellip;]","og_url":"https:\/\/alwaysmind.se\/en\/nar-det-handlar-om-vart-innersta-ar-vi-alla-sarbara\/","og_site_name":"Always Mind","article_published_time":"2022-11-29T14:15:30+00:00","article_modified_time":"2026-02-04T13:30:56+00:00","og_image":[{"width":724,"height":483,"url":"https:\/\/alwaysmind.se\/wp-content\/uploads\/2022\/11\/iStock-1326405683.jpg","type":"image\/jpeg"}],"author":"Helena Reje","twitter_card":"summary_large_image","twitter_misc":{"Written by":"Helena Reje","Estimated reading time":"3 minutes"},"schema":{"@context":"https:\/\/schema.org","@graph":[{"@type":"Article","@id":"https:\/\/alwaysmind.se\/nar-det-handlar-om-vart-innersta-ar-vi-alla-sarbara\/#article","isPartOf":{"@id":"https:\/\/alwaysmind.se\/nar-det-handlar-om-vart-innersta-ar-vi-alla-sarbara\/"},"author":{"name":"Helena Reje","@id":"https:\/\/alwaysmind.se\/#\/schema\/person\/c3813497bdfd7e44197aa873623120ae"},"headline":"N\u00e4r det handlar om v\u00e5rt innersta \u00e4r vi alla s\u00e5rbara","datePublished":"2022-11-29T14:15:30+00:00","dateModified":"2026-02-04T13:30:56+00:00","mainEntityOfPage":{"@id":"https:\/\/alwaysmind.se\/nar-det-handlar-om-vart-innersta-ar-vi-alla-sarbara\/"},"wordCount":587,"image":{"@id":"https:\/\/alwaysmind.se\/nar-det-handlar-om-vart-innersta-ar-vi-alla-sarbara\/#primaryimage"},"thumbnailUrl":"https:\/\/alwaysmind.se\/wp-content\/uploads\/2022\/11\/iStock-1326405683.jpg","articleSection":["Uncategorized"],"inLanguage":"en-GB"},{"@type":"WebPage","@id":"https:\/\/alwaysmind.se\/nar-det-handlar-om-vart-innersta-ar-vi-alla-sarbara\/","url":"https:\/\/alwaysmind.se\/nar-det-handlar-om-vart-innersta-ar-vi-alla-sarbara\/","name":"N\u00e4r det handlar om v\u00e5rt innersta \u00e4r vi alla s\u00e5rbara - Always Mind","isPartOf":{"@id":"https:\/\/alwaysmind.se\/#website"},"primaryImageOfPage":{"@id":"https:\/\/alwaysmind.se\/nar-det-handlar-om-vart-innersta-ar-vi-alla-sarbara\/#primaryimage"},"image":{"@id":"https:\/\/alwaysmind.se\/nar-det-handlar-om-vart-innersta-ar-vi-alla-sarbara\/#primaryimage"},"thumbnailUrl":"https:\/\/alwaysmind.se\/wp-content\/uploads\/2022\/11\/iStock-1326405683.jpg","datePublished":"2022-11-29T14:15:30+00:00","dateModified":"2026-02-04T13:30:56+00:00","author":{"@id":"https:\/\/alwaysmind.se\/#\/schema\/person\/c3813497bdfd7e44197aa873623120ae"},"breadcrumb":{"@id":"https:\/\/alwaysmind.se\/nar-det-handlar-om-vart-innersta-ar-vi-alla-sarbara\/#breadcrumb"},"inLanguage":"en-GB","potentialAction":[{"@type":"ReadAction","target":["https:\/\/alwaysmind.se\/nar-det-handlar-om-vart-innersta-ar-vi-alla-sarbara\/"]}]},{"@type":"ImageObject","inLanguage":"en-GB","@id":"https:\/\/alwaysmind.se\/nar-det-handlar-om-vart-innersta-ar-vi-alla-sarbara\/#primaryimage","url":"https:\/\/alwaysmind.se\/wp-content\/uploads\/2022\/11\/iStock-1326405683.jpg","contentUrl":"https:\/\/alwaysmind.se\/wp-content\/uploads\/2022\/11\/iStock-1326405683.jpg","width":724,"height":483},{"@type":"BreadcrumbList","@id":"https:\/\/alwaysmind.se\/nar-det-handlar-om-vart-innersta-ar-vi-alla-sarbara\/#breadcrumb","itemListElement":[{"@type":"ListItem","position":1,"name":"Hem","item":"https:\/\/alwaysmind.se\/"},{"@type":"ListItem","position":2,"name":"N\u00e4r det handlar om v\u00e5rt innersta \u00e4r vi alla s\u00e5rbara"}]},{"@type":"WebSite","@id":"https:\/\/alwaysmind.se\/#website","url":"https:\/\/alwaysmind.se\/","name":"Always Mind","description":"Psykisk h\u00e4lsa hela \u00e5ret","potentialAction":[{"@type":"SearchAction","target":{"@type":"EntryPoint","urlTemplate":"https:\/\/alwaysmind.se\/?s={search_term_string}"},"query-input":{"@type":"PropertyValueSpecification","valueRequired":true,"valueName":"search_term_string"}}],"inLanguage":"en-GB"},{"@type":"Person","@id":"https:\/\/alwaysmind.se\/#\/schema\/person\/c3813497bdfd7e44197aa873623120ae","name":"Helena Reje","image":{"@type":"ImageObject","inLanguage":"en-GB","@id":"https:\/\/secure.gravatar.com\/avatar\/a980329af1f7d64230610b314ba0b0310cacf3b3b9a2f065a990e5b1f838df0c?s=96&d=mm&r=g","url":"https:\/\/secure.gravatar.com\/avatar\/a980329af1f7d64230610b314ba0b0310cacf3b3b9a2f065a990e5b1f838df0c?s=96&d=mm&r=g","contentUrl":"https:\/\/secure.gravatar.com\/avatar\/a980329af1f7d64230610b314ba0b0310cacf3b3b9a2f065a990e5b1f838df0c?s=96&d=mm&r=g","caption":"Helena Reje"},"sameAs":["http:\/\/alwaysmind.se"]}]}},"_links":{"self":[{"href":"https:\/\/alwaysmind.se\/en\/wp-json\/wp\/v2\/posts\/732","targetHints":{"allow":["GET"]}}],"collection":[{"href":"https:\/\/alwaysmind.se\/en\/wp-json\/wp\/v2\/posts"}],"about":[{"href":"https:\/\/alwaysmind.se\/en\/wp-json\/wp\/v2\/types\/post"}],"author":[{"embeddable":true,"href":"https:\/\/alwaysmind.se\/en\/wp-json\/wp\/v2\/users\/2"}],"replies":[{"embeddable":true,"href":"https:\/\/alwaysmind.se\/en\/wp-json\/wp\/v2\/comments?post=732"}],"version-history":[{"count":5,"href":"https:\/\/alwaysmind.se\/en\/wp-json\/wp\/v2\/posts\/732\/revisions"}],"predecessor-version":[{"id":749,"href":"https:\/\/alwaysmind.se\/en\/wp-json\/wp\/v2\/posts\/732\/revisions\/749"}],"wp:featuredmedia":[{"embeddable":true,"href":"https:\/\/alwaysmind.se\/en\/wp-json\/wp\/v2\/media\/730"}],"wp:attachment":[{"href":"https:\/\/alwaysmind.se\/en\/wp-json\/wp\/v2\/media?parent=732"}],"wp:term":[{"taxonomy":"category","embeddable":true,"href":"https:\/\/alwaysmind.se\/en\/wp-json\/wp\/v2\/categories?post=732"},{"taxonomy":"post_tag","embeddable":true,"href":"https:\/\/alwaysmind.se\/en\/wp-json\/wp\/v2\/tags?post=732"}],"curies":[{"name":"wp","href":"https:\/\/api.w.org\/{rel}","templated":true}]}}